{"id":4039,"date":"2018-11-16T17:38:07","date_gmt":"2018-11-16T15:38:07","guid":{"rendered":"http:\/\/www.libridergi.org\/2015-en\/trans-2015-en\/lbr-0170"},"modified":"2019-01-17T20:49:32","modified_gmt":"2019-01-17T18:49:32","slug":"lbr-0170","status":"publish","type":"post","link":"http:\/\/www.libridergi.org\/en\/2018-en\/lbr-0170","title":{"rendered":"Hellenistik D\u00fcnya Tarihi M\u00d6 323-30"},"content":{"rendered":"<div class=\"one_fourth\"><figure class=\"image_styled image_fit_mobile\" style=\"width:177px;\">\n\t\t<div class=\"image_frame effect-zoom\"><div class=\"image_shadow_wrap\">\n\t\t<a data-fittoview=\"true\" class=\"image_size_medium lightbox\" title=\"\" href=\"http:\/\/www.libridergi.org\/wp-content\/uploads\/2018\/11\/lbr.2018040.jpg\"><img decoding=\"async\" alt=\"\" src=\"http:\/\/www.libridergi.org\/wp-content\/uploads\/strikingr\/images\/3803_lbr.2018040-175.jpg\" data-thumbnail=\"3803\" \/><\/a>\n\t\t<\/div><\/div><\/figure>\u00a0<\/div>\n<div class=\"three_fourth last\"><h2>Hellenistik D\u00fcnya Tarihi M\u00d6 323-30<\/h2>\n<h3>Mehmet Emin TEK\u0130N<\/h3>\n<div class=\"divider_line\"><\/div>\n<p><strong>ISBN:<\/strong> 9789944483766<br \/>\n<strong>Page:<\/strong>\u00a0344<br \/>\n<strong>Publication Date:<\/strong>\u00a02017<br \/>\n<strong>Location:<\/strong>\u00a0\u0130stanbul<br \/>\n<strong>Publisher: <\/strong>Homer Kitabevi<\/p><\/div><div class=\"clearboth\"><\/div>\n<div class=\"two_third\"><div class=\"divider_line\"><\/div>\n<p><strong><em>LIBRI<\/em>\u00a0IV (2018) 355-359<\/strong><br \/>\n<strong>DOI<\/strong>:\u00a010.20480\/lbr.2018040<br \/>\n<strong>Received Date<\/strong>: 10.10.2018 | <strong>Acceptance Date<\/strong>: 16.10.2018<br \/>\n<strong>Online Publication Date<\/strong>: 16.11.2018<br \/>\nCopyright \u00a9 Journal of Book Notices, Reviews and Translations, 2018<\/p>\n<div class=\"divider_line\"><\/div><\/div>\n<div class=\"one_third last\"><div id=\"framed_box_fe2e796fa53579f00e2348fdb3678dbc\" class=\"framed_box\">\n\t<div class=\"framed_box_content\">\n\t\t\n<p><img loading=\"lazy\" decoding=\"async\" class=\"alignnone wp-image-45\" src=\"http:\/\/journal.phaselis.org\/wp-content\/uploads\/2015\/06\/pdf.jpg\" alt=\"pdf\" width=\"18\" height=\"18\" \/>\u00a0\u00a0<a href=\"http:\/\/www.libridergi.org\/wp-content\/uploads\/2018\/11\/lbr.2018040.pdf\" target=\"_blank\" rel=\"noopener\"><strong>Get PDF<\/strong><\/a><\/p>\n<p><img loading=\"lazy\" decoding=\"async\" class=\"alignnone wp-image-46\" src=\"http:\/\/journal.phaselis.org\/wp-content\/uploads\/2015\/06\/references.jpg\" alt=\"references\" width=\"18\" height=\"18\" \/><strong>\u00a0<\/strong>\u00a0<a href=\"http:\/\/www.libridergi.org\/wp-content\/uploads\/2018\/11\/lbr.2018040.pdf\" target=\"_blank\" rel=\"noopener\"><strong>View PDF<\/strong><\/a><\/p>\n<p><a href=\"#refs\"><img loading=\"lazy\" decoding=\"async\" class=\"alignnone wp-image-44\" src=\"http:\/\/journal.phaselis.org\/wp-content\/uploads\/2015\/06\/info.jpg\" alt=\"info\" width=\"18\" height=\"18\" \/>\u00a0\u00a0<\/a><b><a href=\"#refs\">Citation<\/a><br \/>\n<\/b><\/p>\n\n\t\t<div class=\"framed_box_space\"><\/div>\n\t<\/div>\n<\/div>\n<\/div><div class=\"clearboth\"><\/div>\n<p style=\"text-align: center;\"><strong>R. M. ERRINGTON, <em>Hellenistik D\u00fcnya Tarihi M\u00d6 323-30<\/em>. \u0130stanbul 2017. Homer Kitabevi, 344 sayfa. \u00c7ev. G. G\u00fcnata. ISBN: 9789944483766<\/strong><\/p>\n<p style=\"text-align: justify;\">Kitap, <em>\u0130\u00e7indekiler<\/em> (5-7), <em>Resimler Listesi<\/em> (8), <em>Haritalar Listesi<\/em> (9), <em>\u00d6ns\u00f6z<\/em> (10), <em>K\u0131saltmalar<\/em> (11-19) ve <em>Giri\u015f<\/em> (20-29) be\u015f b\u00f6l\u00fcmden olu\u015fmaktad\u0131r.<\/p>\n<p style=\"text-align: justify;\">Birinci b\u00f6l\u00fcm <em>Hellenistik D\u00fcnyan\u0131n Do\u011fu\u015fu<\/em> (29-90) olarak isimlendirilmi\u015f\u00adtir. B\u00fcy\u00fck \u0130skender\u2019in \u00f6l\u00fcm\u00fcyle imparatorluktaki y\u00f6netim m\u00fccadeleleri, i\u00e7 \u00e7eki\u015fmeler anlat\u0131lm\u0131\u015f ve B\u00fcy\u00fck \u0130skender\u2019in nereye g\u00f6m\u00fclece\u011fi \u00fczerinde du\u00adrulmu\u015ftur. Komutanlar\u0131n (krallar\u0131n) akrabal\u0131k ba\u011f\u0131yla konumlar\u0131n\u0131 g\u00fc\u00e7lendir\u00admeleri ve birbirleriyle m\u00fccadeleleri \u00fczerinde durulmu\u015ftur. Payla\u015f\u0131lan b\u00f6lge\u00adlerdeki krallar, kendi destekledikleri ki\u015filerin kar\u015f\u0131 tarafta y\u00f6netime gelmesini istemi\u015ftir. Bu b\u00f6l\u00fcmde daha \u00e7ok Makedonya ve Hellas topraklar\u0131nda krallar\u0131n ve komutanlar\u0131n birbirleriyle m\u00fccadeleleri genel hatlar\u0131yla anlat\u0131lm\u0131\u015ft\u0131r. Ko\u00admutalar\u0131n\/krallar\u0131n Hellas haricindeki di\u011fer b\u00f6lgelerde \u00f6zerklik ve \u00f6zg\u00fcrl\u00fck vaadiyle toplumu etkileme \u00e7al\u0131\u015fmalar\u0131 \u00fczerinde durulmu\u015ftur.<\/p>\n<p style=\"text-align: justify;\">M\u00d6 311 ile M\u00d6 301 aras\u0131ndaki olaylar t\u00fcm Hellenistik d\u00fcnyan\u0131n temel ya\u00adp\u0131s\u0131n\u0131 olu\u015fturmas\u0131, Seleukos, Lysimakhos, Ptolemaios ve Kassandros\u2019un y\u00f6\u00adnetimleri alt\u0131ndaki topraklarda ve di\u011fer y\u00f6netim b\u00f6lgeleriyle ili\u015fkileri incelen\u00admi\u015ftir. Seleukoslar\u0131n \u0130psos Muharebesi\u2019ne kadarki faaliyetleri, Lysimakhos\u2019un hakimiyeti alt\u0131ndaki b\u00f6lgelerde rahat\u00e7a hareket etmesi, Ptolemaioslar\u0131n I. Antigonos\u2019la ili\u015fkileri ve Kassandros-Demetrios Poliorketes, Kassandros-Pto\u00adlemaios ili\u015fkileri bunlar\u0131n yan\u0131nda Hellas halk\u0131n\u0131n tavr\u0131 ile \u0130psos Muhare\u00adbesi\u2019ne kadarki s\u00fcre\u00e7 mercek alt\u0131na al\u0131nm\u0131\u015ft\u0131r.<\/p>\n<p style=\"text-align: justify;\">\u0130psos\u2019tan sonraki 20 y\u0131ll\u0131k d\u00f6nemin \u00e7ok net olmad\u0131\u011f\u0131 belirtilmi\u015ftir. Demet\u00adrios\u2019un topraklar\u0131n\u0131n galipler aras\u0131nda payla\u015f\u0131ld\u0131\u011f\u0131 ve Kassandros\u2019un \u00f6l\u00fcm\u00fcyle geli\u015fen olaylar anlat\u0131lm\u0131\u015ft\u0131r. Ege Denizi\u2019nde Demetrios-Ptolemaios m\u00fccade\u00adlesi, Makedonya\u2019n\u0131n Pyrrhos ve Lysimakhos aras\u0131nda b\u00f6l\u00fcnmesi anlat\u0131lm\u0131\u015ft\u0131r. Lysimakhos\u2019un K\u00fc\u00e7\u00fck Asya\u2019daki politikalar\u0131na de\u011finilmi\u015f, baz\u0131 olaylarda istek\u00adsiz davrand\u0131\u011f\u0131 anlat\u0131lm\u0131\u015ft\u0131r. Makedonya, Hellas, Syria ve M\u0131s\u0131r\u2019da sular\u0131n \u0131s\u0131n\u00add\u0131\u011f\u0131n\u0131 ilaveten saraylarda yap\u0131lan evliliklere de\u011finilmi\u015ftir. Neden ve sonu\u00e7la\u00adr\u0131yla Kurupedion Muharebesi\u2019ne de\u011finilmi\u015f, Seleukos\u2019un \u00f6l\u00fcm\u00fcyle Diodok\u00adhoslar (halef) d\u00f6neminin nas\u0131l son buldu\u011fu anlat\u0131lm\u0131\u015ft\u0131r.<\/p>\n<p style=\"text-align: justify;\">Yazar B\u00fcy\u00fck \u0130skender\u2019den sonra kurulan krall\u0131klar\u0131n bulunduklar\u0131 b\u00f6lge\u00adlere uyum sa\u011flad\u0131\u011f\u0131n\u0131 ve kurulan bu krall\u0131klar\u0131n kurucular\u0131n\u0131n Makedon oldu\u00ad\u011funu ifade etmi\u015ftir. Makedon k\u00f6kenli y\u00f6neticilerin her f\u0131rsatta Makedon k\u00f6\u00adkenli e\u015f alma e\u011filiminde olduklar\u0131n\u0131 ve kurulan bu yeni krall\u0131klarda y\u00f6netici grubun art\u0131k \u00e7ok uluslu bir yap\u0131da oldu\u011funu belirtmi\u015ftir. Daha sonra yazar kurulan yeni kentlerden ve bu yeni kent ve krall\u0131klardaki insan ihtiyac\u0131n\u0131 kar\u00ad\u015f\u0131lamak i\u00e7in uygulad\u0131klar\u0131 politikalardan bahsetmi\u015ftir. Ard\u0131ndan ele ge\u00e7irilen topraklardaki merkeze ba\u011fl\u0131 y\u00f6netim sistemi (satrapl\u0131k) \u00fczerinde durmu\u015ftur.<\/p>\n<p style=\"text-align: justify;\">\u0130kinci b\u00f6l\u00fcm <em>Hellenistik D\u00fcnya \u00c7arp\u0131\u015f\u0131yor<\/em> (91-166) olarak isimlendirilmek\u00adtedir. Ptolemaios Keraunos\u2019un Avrupa\u2019daki (Makedonya) faaliyetleri, Kerau\u00adnos\u2019un \u00f6l\u00fcm\u00fc, Galat ak\u0131nlar\u0131 ve Galat ak\u0131nlar\u0131na kar\u015f\u0131 b\u00f6lge halk\u0131n\u0131n giri\u015fim\u00adleri incelenmi\u015ftir. Galatlara kar\u015f\u0131 sa\u011flanan ba\u015far\u0131dan sonra iyimserlik hava\u00ads\u0131ndan bahsedilmektedir. Antiokhos ve Seleukos\u2019un imparatorlu\u011fu ikiye ay\u0131rma anla\u015fmas\u0131 \u00fczerinde durulmu\u015f, Aitolia Birli\u011fi\u2019nin yeniden y\u00fckseli\u015fi ak\u00adtar\u0131lm\u0131\u015ft\u0131r. Makedonya\u2019da ve Hellenler \u00fczerinden Pyrrhos ve Antigonos II Go\u00adnatas aras\u0131ndaki m\u00fccadele, Antigonos Gonatas\u2019\u0131n Makedonya\u2019da geni\u015fle\u00admesi, Aitolia Birli\u011fi\u2019ne g\u00f6z yummas\u0131 sonucunda ger\u00e7ekle\u015fen olaylar anlat\u0131l\u00adm\u0131\u015ft\u0131r. Antigonos II Gonatas ile II. Ptolemaios aras\u0131ndaki anla\u015fmaya de\u011finil\u00admi\u015f, Antigonos II Gonatas\u2019a kar\u015f\u0131 Khremonides\u2019in \u00f6nerisiyle Ptolemaios des\u00adtekli Hellen kentlerinin birle\u015ftirilmesi d\u00fc\u015f\u00fcn\u00fclm\u00fc\u015f, Khremonides Muharebesi ve sonucunda Antigonos II Gonatas\u2019\u0131n kazanmas\u0131 ve s\u0131n\u0131rlar\u0131n\u0131 geni\u015fletmesi anlat\u0131lm\u0131\u015ft\u0131r. Khremonides Muharebesi\u2019nden sonra Hellas\u2019ta Aitolia Bir\u00adli\u011fi\u2019nin bar\u0131\u015f\u00e7\u0131l faaliyetleri ve Makedonya\u2019ya kar\u015f\u0131 Akhaia Birli\u011fi\u2019nin faaliyet\u00adleri \u00fczerinde durulmu\u015ftur. Hellas\u2019ta Ptolemioslar\u0131n Akhaial\u0131lar\u0131 destekleyerek Makedonya\u2019ya kar\u015f\u0131 kullanmalar\u0131 ve Hellen birliklerinin ve kentlerin birbirle\u00adriyle m\u00fccadeleleri, birliklerin geni\u015flemesi ve Makedonya\u2019n\u0131n zay\u0131flamas\u0131 konu edilmi\u015ftir. Antigonos III Dosonzaman\u0131nda Roma\u2019n\u0131n b\u00f6lgedeki faaliyet\u00adleri, Makedonya ve Hellas anlat\u0131larak, Antigonos Doson\u2019un Hellas\u2019ta yeniden Makedon egemenli\u011fi kurmas\u0131 incelenmi\u015ftir. Hellen kent devletlerinin birbir\u00adlerine olan yakla\u015f\u0131mlar\u0131 ba\u015fka y\u00f6netimler alt\u0131ndaki kent kararlar\u0131 ve normal i\u015fleyi\u015f yer almaktad\u0131r.<\/p>\n<p style=\"text-align: justify;\">Kurupedion Muharebesi\u2019nden sonra Asya\u2019da ger\u00e7ekle\u015fen olaylar, Helle\u00adnistik Krall\u0131klar, Pers, B\u00fcy\u00fck \u0130skender ve kendi sistemlerini birle\u015ftirerek y\u00f6ne\u00adtim geli\u015ftirmeleri aktar\u0131lm\u0131\u015ft\u0131r. Yerel krall\u0131klar\u0131n geli\u015fmesi ve K\u00fc\u00e7\u00fck Asya\u2019daki faaliyetleri anlat\u0131lm\u0131\u015ft\u0131r. Galatlar\u0131n K\u00fc\u00e7\u00fck Asya\u2019ya getirilmesi ve burada yer\u00adle\u015fimleri \u00fczerinde durulmu\u015ftur. I. Antiokhos\u2019un Galat zaferi sonucunda <em>Soter<\/em> unvan\u0131 almas\u0131 ve Seleukos-Ptolemaios m\u00fccadelesi anlat\u0131lm\u0131\u015ft\u0131r. II. Syria Sa\u00adva\u015f\u0131\u2019ndan sonra yap\u0131lan anla\u015fma ve neticeleri incelenmi\u015ftir. K\u00fc\u00e7\u00fck Asya\u2019da ortaya \u00e7\u0131kan yeni krall\u0131klardan, krall\u0131klar\u0131n k\u0131z al\u0131p verme gibi konularda i\u015fbir\u00adli\u011fi yapmalar\u0131na ra\u011fmen yine de birbirleriyle sava\u015ft\u0131klar\u0131 anlat\u0131lm\u0131\u015ft\u0131r. Antiok\u00adhos II Hieraks ve\u00a0 Seleukos II Kallinikos\u2019un m\u00fccadelesi ve K\u00fc\u00e7\u00fck Asyakrall\u0131kla\u00adr\u0131n tutumu ile bu krall\u0131klar\u0131n Seleukoslar ile m\u00fccadelelerine yer verilmi\u015ftir. K\u00fc\u00e7\u00fck Asya\u2019da krali ailelerin ortaya \u00e7\u0131kmas\u0131, geni\u015flemesi ve evlilik d\u00fc\u015f\u00fcncele\u00adrine de\u011finilmi\u015ftir. Kraliyet ordular\u0131, bunlar\u0131 olu\u015fturan etnik yap\u0131 ve kulland\u0131k\u00adlar\u0131 malzemelerden bahsedilmi\u015ftir. Eski kentlerin korundu\u011fu ve bu sayede onlar\u0131n sad\u0131k kald\u0131klar\u0131 anlat\u0131lm\u0131\u015ft\u0131r. Makedon krallar\u0131n Hellen \u015fehirleri tar\u00adz\u0131nda yeni kentler kurmalar\u0131n\u0131, festival ve oyunlar d\u00fczenlemeleri nakledilmi\u015f\u00adtir.<\/p>\n<p style=\"text-align: justify;\">Ptolemaios I Soter\u2019in B\u00fcy\u00fck \u0130skender\u2019in \u00f6l\u00fcm\u00fcnden sonra\u00a0 M\u0131s\u0131r\u2019a satrap olarak atanmas\u0131 ve sonras\u0131nda B\u00fcy\u00fck \u0130skender\u2019i model olarak almas\u0131 ard\u0131n\u00addan ger\u00e7ekle\u015fen olaylar ve siyasi-sosyal yap\u0131lanma incelenmi\u015ftir. Var olan ge\u00adleneksel sistemlerin Ptolemaios taraf\u0131ndan hala kullan\u0131ld\u0131\u011f\u0131, M\u0131s\u0131r\u2019daki festi\u00advaller, tap\u0131nak ve k\u00fclt yap\u0131lar hakk\u0131nda ayr\u0131ca Ptolemaioslardaki evlilik k\u00fclt\u00fc (karde\u015f evlili\u011fi) hakk\u0131nda bilgi verilmi\u015ftir. Ptolemaioslar\u0131n deniz a\u015f\u0131r\u0131 ve uzak co\u011frafyalardaki topraklar\u0131n\u0131n hangi ama\u00e7la elde tutuldu\u011fu \u00fczerinde durul\u00admu\u015ftur.<\/p>\n<p style=\"text-align: justify;\">\u00dc\u00e7\u00fcnc\u00fc b\u00f6l\u00fcm <em>Roma\u2019yla Kar\u015f\u0131la\u015fma<\/em> (167-244) olarak isimlendirilmi\u015ftir. M\u0131s\u0131r\u2019daki taht kar\u0131\u015f\u0131kl\u0131klar\u0131, i\u00e7 ve d\u0131\u015f politikaya etkileri incelenmi\u015ftir. III. Anti\u00adokhos\u2019un Ptolemaios Syrias\u0131\u2019na sald\u0131rmas\u0131 Molon\u2019un isyan\u0131 ve isyan\u0131n bast\u0131\u00adr\u0131lmas\u0131 \u00fczerinde durulmu\u015ftur. Seleukos-Ptolemaios m\u00fccadelesi, M\u0131s\u0131r\u2019daki kar\u0131\u015f\u0131kl\u0131klar yerel krall\u0131klar\u0131n etkilerinden bahsedilmi\u015ftir. M\u0131s\u0131r\u2019\u0131n uzaktaki \u00fcs ve topraklar\u0131ndaki faaliyetleri incelenmi\u015f, Ptolemaioslar\u0131n Hellas ve Make\u00addonya topraklar\u0131ndaki faaliyetlerine de\u011finilmi\u015ftir. Roma ile yap\u0131lan sava\u015f\u00adlarda Ptolemaioslar\u0131n tarafs\u0131z olmas\u0131 \u00fczerinde durulmu\u015ftur. Seleukoslar\u0131n tekrar toparlan\u0131p K\u00fc\u00e7\u00fck Asya\u2019da b\u00fcy\u00fcmeleri, Seleukos-Ptolemaios m\u00fccade\u00adlesinin yeniden ba\u015flamas\u0131 mercek alt\u0131na al\u0131nm\u0131\u015ft\u0131r. K\u00fc\u00e7\u00fck Asya\u2019da Seleukos-Pergamon ili\u015fkileri, Seleukoslardaki i\u00e7 m\u00fccadeleler ve bu m\u00fccadelelerin bas\u00adt\u0131r\u0131lmas\u0131 aktar\u0131lm\u0131\u015ft\u0131r. Pergamon-Roma ili\u015fkilerine de\u011finilmi\u015ftir. Make\u00addonya\u2019daki kar\u0131\u015f\u0131kl\u0131klar, tahta \u00e7\u0131kma s\u00fcre\u00e7leri ve politikalar\u0131 hakk\u0131nda bilgiler sunulmu\u015ftur. Makedonya-Roma ili\u015fkileri, Hellen birliklerinin birbirleriyle m\u00fc\u00adcadeleleri M\u00d6 217 y\u0131l\u0131ndaki Naupaktos bar\u0131\u015f\u0131na giden s\u00fcre\u00e7 ve Makedonya-Kartaca yak\u0131nla\u015fmas\u0131 incelenmi\u015ftir.<\/p>\n<p style=\"text-align: justify;\">M\u0131s\u0131r\u2019daki y\u00f6netim de\u011fi\u015fikli\u011finden, Ege ve Akdeniz\u2019de de\u011fi\u015fen dengeler\u00adden bahsetmektedir. III. Antiokhos\u2019un K\u00fc\u00e7\u00fck Asya\u2019daki faaliyetleri, V. Philip\u00adpos ve Prusias\u2019\u0131n Ege ve \u00e7evresindeki hareketleri ile Roma ve m\u00fcttefiklerinin icraatlar\u0131 anlat\u0131lm\u0131\u015ft\u0131r. M\u00d6 197 y\u0131l\u0131ndaki Kynoskephalai Muharebesi\u2019ne kadar giden s\u00fcre\u00e7te Roma\u2019n\u0131n Balkanlardaki faaliyetleri, Hellas\u2019ta m\u00fcttefik toplama faaliyetleri ile sava\u015f sonras\u0131 bar\u0131\u015f g\u00f6r\u00fc\u015fmelerinde ve sonras\u0131nda Roma\u2019n\u0131n rol\u00fcnden bahsedilmektedir. K\u00fc\u00e7\u00fck Asya\u2019da yakla\u015fan tehlikeden (Seleukoslar) bahsedilmektedir. Roma\u2019n\u0131n M\u00d6 197 y\u0131l\u0131ndaki kazan\u0131m\u0131n\u0131 koruyarak M\u00d6 197 \u00f6ncesi mevcut durumu istedi\u011fi aktar\u0131lm\u0131\u015f, Roma ile Seleukoslar\u0131n ilk kar\u015f\u0131la\u015f\u00admalar\u0131 \u00fczerinde durulmu\u015ftur. III. Antiokhos ile Roma ve m\u00fcttefiklerinin dip\u00adlomas\u0131 yoluyla olaylar\u0131 \u00e7\u00f6zemeyece\u011finin anla\u015f\u0131lmas\u0131 \u00fczerinde durularak, Hel\u00adlas\u2019taki i\u00e7 \u00e7eki\u015fmelerden ve Roma\u2019n\u0131n buradaki etkisinden s\u00f6z edilmi\u015ftir. Roma\u2019n\u0131n K\u00fc\u00e7\u00fck Asya\u2019ya ayak basmas\u0131ndan Magnesia Muharebesi\u2019ne ve sonras\u0131ndaki Apameia Bar\u0131\u015f\u0131\u2019na giden s\u00fcre\u00e7 anlat\u0131lm\u0131\u015ft\u0131r. Magnesia Muhare\u00adbesi\u2019nden sonra K\u00fc\u00e7\u00fck Asya\u2019daki Seleukos topraklar\u0131n\u0131n payla\u015ft\u0131r\u0131lmas\u0131 ve Roma senatosunun rol\u00fc \u00fczerinde durulmu\u015ftur. Apameia Bar\u0131\u015f\u0131\u2019n\u0131n Seleukos\u00adlara getirdi\u011fi a\u011f\u0131r durum \u00fczerinde durularak anla\u015fma sonras\u0131 Pergamon\u2019a b\u0131\u00adrak\u0131lan topraklar ve Roma-Pergamon yak\u0131nla\u015fmas\u0131 ile Pergamon\u2019un K\u00fc\u00e7\u00fck Asya\u2019daki ili\u015fkileri incelenmi\u015ftir. Rodos\u2019un anla\u015fmadan sonraki K\u00fc\u00e7\u00fck Asya politikalar\u0131na, \u00f6zg\u00fcr b\u0131rak\u0131lan kentlere de\u011finilmi\u015ftir. M\u00d6 188 y\u0131l\u0131ndan sonra G\u00fcney Hellas\u2019ta ya\u015fanan \u00e7alkant\u0131l\u0131 d\u00f6nem incelenmi\u015ftir. V. Philippos\u2019un Ma\u00adkedonya ve Hellas\u2019taki M\u00d6 188 sonras\u0131 faaliyetlerine de\u011finilmi\u015f, Philippos\u2019un o\u011flu Demetrios ile Perseus\u2019un taht \u00e7eki\u015fmeleri \u00fczerinde durulmu\u015ftur. Per\u00adseus\u2019un faaliyetleri ve Pydna Muharebesi\u2019ne giden s\u00fcre\u00e7 anlat\u0131lm\u0131\u015ft\u0131r.<\/p>\n<p style=\"text-align: justify;\">D\u00f6rd\u00fcnc\u00fc b\u00f6l\u00fcm <em>Hellenistik D\u00fcnyada Roma<\/em> (245-302) olarak isimlendiril\u00admi\u015ftir. Pydna\u2019dan sonra Makedonya topraklar\u0131 \u00fczerinde yap\u0131lan d\u00fczenleme\u00adler Makedonya\u2019n\u0131n Roma eyaleti olmas\u0131 aktar\u0131lm\u0131\u015ft\u0131r. Andriskus \u0130syan\u0131, Ak\u00adhaia Sava\u015f\u0131\u2019na giden s\u00fcre\u00e7 ile Atina ve Delos\u2019un M\u00d6 168 sonras\u0131 geli\u015fim ve faaliyetleri incelenmi\u015ftir. M\u0131s\u0131r\u2019daki geli\u015fmeler, taht \u00e7evresinde ya\u015fanan olaylar ve Nil deltas\u0131ndaki isyanlar ile M\u00d6 168 sonras\u0131nda Roma\u2019n\u0131n M\u0131s\u0131r ve Seleukos anla\u015fmazl\u0131klar\u0131na dahil olmas\u0131 incelenmi\u015ftir. Pydna\u2019dan sonra K\u00fc\u00ad\u00e7\u00fck Asya\u2019daki olaylar anlat\u0131larak, Rodos, Pergamon ve Bithynia\u2019n\u0131n faaliyet\u00adleri incelenmi\u015ftir. Pergamon ve Rodos i\u00e7in Roma\u2019n\u0131n de\u011fi\u015fen tutumu ve Per\u00adgamon\u2019un sonu anlat\u0131lm\u0131\u015ft\u0131r. IV. Antiokhos\u2019un tahta \u00e7\u0131kmas\u0131 ve sonras\u0131ndaki i\u00e7 \u00e7at\u0131\u015fmalar ile taht kavgalar\u0131 aktar\u0131lm\u0131\u015ft\u0131r. Seleukoslar\u0131n toprak kaybetmesi, y\u0131k\u0131lma s\u00fcrecine do\u011fru gitmesine de\u011finilmi\u015ftir. Seleukoslardaki i\u00e7 kar\u0131\u015f\u0131kl\u0131k\u00adlardan sonra Roma\u2019n\u0131n b\u00f6lgede hakim g\u00fc\u00e7 olmas\u0131 \u00fczerinde durulmu\u015ftur. K\u00fc\u00ad\u00e7\u00fck Asya\u2019n\u0131n Hellenle\u015fmesinden bahsedilerek Kappadokia ve Pontos krallar\u0131\u00adn\u0131n faaliyetlerine yer verilmi\u015ftir. Pontos\u2019un b\u00fcy\u00fcmesi \u00fczerinde durularak, Roma\u2019n\u0131n K\u00fc\u00e7\u00fck Asya\u2019daki yerel krall\u0131klar \u00fczerindeki etkileri anlat\u0131lm\u0131\u015ft\u0131r. K\u00fc\u00ad\u00e7\u00fck Asya\u2019daki Romal\u0131 y\u00f6neticilerin tutumlar\u0131, Roma-Pontos m\u00fccadelesi, IV. Nikomedes\u2019in \u00f6l\u00fcm\u00fc ve vasiyeti ile Roma-Mithradates sava\u015flar\u0131 sonucunda Pontos\u2019un yenilmesi anlat\u0131lm\u0131\u015ft\u0131r. M\u00d6 168 y\u0131l\u0131ndaki Pydna Muharebesi\u2019nden sonra M\u0131s\u0131r\u2019da da Roma\u2019n\u0131n tutumunun de\u011fi\u015fmesinden, Ptolemaioslardaki taht kavgalar\u0131ndan ve M\u0131s\u0131r\u2019daki i\u00e7 sava\u015f ile sava\u015f sonra durumdan bahsedil\u00admi\u015ftir. Ptolemaioslarda kad\u0131nlar\u0131n y\u00f6netimde s\u00f6z sahibi olmalar\u0131 \u00fczerinde durulmu\u015f, Roma\u2019n\u0131n M\u0131s\u0131r\u2019\u0131 almak istemesi aktar\u0131larak Roma\u2019n\u0131n M\u0131s\u0131r\u2019da ka\u00adl\u0131c\u0131 olmas\u0131 ve Roma\u2019daki i\u00e7 m\u00fccadelelerde M\u0131s\u0131r\u2019\u0131n rol\u00fc ve sonu \u00fczerine yo\u00ad\u011funla\u015f\u0131lm\u0131\u015ft\u0131r.<\/p>\n<p style=\"text-align: justify;\"><em>Sons\u00f6z<\/em> (303-308) b\u00f6l\u00fcm\u00fcnde B\u00fcy\u00fck \u0130skender\u2019in \u00f6l\u00fcm\u00fcyle ba\u015flayan d\u00f6\u00adnemde kurulan Hellenistik krall\u0131klar\u0131n ortaya \u00e7\u0131kmalar\u0131, geli\u015fimleri, siyasi-sos\u00adyal faaliyetleri ve ortadan kalkmalar\u0131 \u00fczerinde durulmu\u015ftur. Roma\u2019n\u0131n b\u00fcy\u00fc\u00admesi ve Hellenistik d\u00fcnyaya etkileri ve Hellenistik D\u00f6nem\u2019in sonu tart\u0131\u015f\u0131lm\u0131\u015f\u00adt\u0131r. Kitab\u0131n sonunda <em>Se\u00e7ilmi\u015f<\/em> <em>Kaynak\u00e7a<\/em> (309-312), <em>Krali Hanedanlar<\/em> (313-316) ve <em>Dizin<\/em> (317-344) k\u0131s\u0131mlar\u0131 yer almaktad\u0131r.<\/p>\n<div class=\"one_half\"><p><strong>\u00a0<\/strong><\/p>\n<p>&nbsp;<\/p><\/div>\n<p style=\"text-align: right;\"><div class=\"one_half last\"><p>&nbsp;<\/p>\n<p style=\"text-align: right;\"><\/div><div class=\"clearboth\"><\/div>\n<div class=\"divider_padding\"><\/div>\n<p><a name=\"refs\"><\/a><div class=\"tabs_container\"><ul class=\"tabs\"><li><a href=\"#\">Citation<\/a><\/li><li><a href=\"#\">Link<\/a><\/li><\/ul><div class=\"panes\"><div class=\"pane\">M. E. Tekin, <em>Hellenistik D\u00fcnya Tarihi M\u00d6 323-30<\/em>. Yazar: R. M. Errington, <em>Libri<\/em> IV (2018) 355-359. DOI: 10.20480\/lbr.2018040<\/p><\/div><div class=\"pane\"><p>Link:\u00a0<a href=\"http:\/\/www.libridergi.org\/en\/2018-en\/lbr-0170\" target=\"_blank\" rel=\"noopener\">http:\/\/www.libridergi.org\/en\/2018-en\/lbr-0170<\/a><\/p><\/div><\/div><\/div>\n","protected":false},"excerpt":{"rendered":"<p>R. M. ERRINGTON, Hellenistik D\u00fcnya Tarihi M\u00d6 323-30. \u0130stanbul 2017. Homer Kitabevi, 344 sayfa. \u00c7ev. G. G\u00fcnata. ISBN: 9789944483766 Kitap, \u0130\u00e7indekiler (5-7), Resimler Listesi (8), Haritalar Listesi (9), \u00d6ns\u00f6z (10), K\u0131saltmalar (11-19) ve Giri\u015f (20-29) be\u015f b\u00f6l\u00fcmden olu\u015fmaktad\u0131r. Birinci b\u00f6l\u00fcm Hellenistik D\u00fcnyan\u0131n Do\u011fu\u015fu (29-90) olarak isimlendirilmi\u015f\u00adtir. B\u00fcy\u00fck \u0130skender\u2019in \u00f6l\u00fcm\u00fcyle imparatorluktaki y\u00f6netim m\u00fccadeleleri, i\u00e7 \u00e7eki\u015fmeler anlat\u0131lm\u0131\u015f &#8230;<\/p>\n","protected":false},"author":1,"featured_media":3803,"comment_status":"closed","ping_status":"closed","sticky":false,"template":"","format":"standard","meta":{"footnotes":""},"categories":[128,129],"tags":[],"class_list":["post-4039","post","type-post","status-publish","format-standard","has-post-thumbnail","hentry","category-2018-en","category-booknotice-18-en"],"_links":{"self":[{"href":"http:\/\/www.libridergi.org\/en\/wp-json\/wp\/v2\/posts\/4039","targetHints":{"allow":["GET"]}}],"collection":[{"href":"http:\/\/www.libridergi.org\/en\/wp-json\/wp\/v2\/posts"}],"about":[{"href":"http:\/\/www.libridergi.org\/en\/wp-json\/wp\/v2\/types\/post"}],"author":[{"embeddable":true,"href":"http:\/\/www.libridergi.org\/en\/wp-json\/wp\/v2\/users\/1"}],"replies":[{"embeddable":true,"href":"http:\/\/www.libridergi.org\/en\/wp-json\/wp\/v2\/comments?post=4039"}],"version-history":[{"count":2,"href":"http:\/\/www.libridergi.org\/en\/wp-json\/wp\/v2\/posts\/4039\/revisions"}],"predecessor-version":[{"id":4041,"href":"http:\/\/www.libridergi.org\/en\/wp-json\/wp\/v2\/posts\/4039\/revisions\/4041"}],"wp:featuredmedia":[{"embeddable":true,"href":"http:\/\/www.libridergi.org\/en\/wp-json\/wp\/v2\/media\/3803"}],"wp:attachment":[{"href":"http:\/\/www.libridergi.org\/en\/wp-json\/wp\/v2\/media?parent=4039"}],"wp:term":[{"taxonomy":"category","embeddable":true,"href":"http:\/\/www.libridergi.org\/en\/wp-json\/wp\/v2\/categories?post=4039"},{"taxonomy":"post_tag","embeddable":true,"href":"http:\/\/www.libridergi.org\/en\/wp-json\/wp\/v2\/tags?post=4039"}],"curies":[{"name":"wp","href":"https:\/\/api.w.org\/{rel}","templated":true}]}}