{"id":3326,"date":"2017-12-24T21:36:33","date_gmt":"2017-12-24T19:36:33","guid":{"rendered":"http:\/\/www.libridergi.org\/2015-en\/trans-2015-en\/lbr-0120"},"modified":"2018-01-17T09:06:07","modified_gmt":"2018-01-17T07:06:07","slug":"lbr-0120","status":"publish","type":"post","link":"http:\/\/www.libridergi.org\/en\/2017-en\/lbr-0120","title":{"rendered":"Persler: Anadolu\u2019da Kudret ve G\u00f6rkem (The Persians: Power and Glory in Anatolia)"},"content":{"rendered":"<div class=\"one_fourth\"><figure class=\"image_styled image_fit_mobile\" style=\"width:177px;\">\n\t\t<div class=\"image_frame effect-zoom\"><div class=\"image_shadow_wrap\">\n\t\t<a data-fittoview=\"true\" class=\"image_size_medium lightbox\" title=\"\" href=\"http:\/\/www.libridergi.org\/wp-content\/uploads\/2017\/12\/lbr.2017038.jpg\"><img decoding=\"async\" alt=\"\" src=\"http:\/\/www.libridergi.org\/wp-content\/uploads\/strikingr\/images\/3138_lbr.2017038-175.jpg\" data-thumbnail=\"3138\" \/><\/a>\n\t\t<\/div><\/div><\/figure><\/div>\n<div class=\"three_fourth last\"><h2>Persler: Anadolu\u2019da Kudret ve G\u00f6rkem (The Persians: Power and Glory in Anatolia)<\/h2>\n<h3>Kaan \u0130REN &amp; \u00c7i\u00e7ek KARA\u00d6Z &amp; \u00d6zg\u00fcn KASAR<\/h3>\n<div class=\"divider_line\"><\/div>\n<p><strong>ISBN: 9789750840012<\/strong><br \/>\n<strong>Page:<\/strong>\u00a0424<br \/>\n<strong>Publication Date:<\/strong>\u00a02017<br \/>\n<strong>Location:<\/strong>\u00a0\u0130stanbul<br \/>\n<strong>Publisher: <\/strong>Yap\u0131 Kredi Yay\u0131nlar\u0131<\/p><\/div><div class=\"clearboth\"><\/div>\n<div class=\"two_third\"><div class=\"divider_line\"><\/div>\n<strong><em>LIBRI<\/em>\u00a0III (2017) 485-489<\/strong><br \/>\n<strong>DOI<\/strong>:\u00a010.20480\/lbr.2017038<br \/>\n<strong>Received Date<\/strong>: 10.12.2017 | <strong>Acceptance Date<\/strong>: 20.12.2017<br \/>\n<strong>Online Publication Date<\/strong>: 24.12.2017<br \/>\nCopyright \u00a9 Journal of Book Notices, Reviews and Translations, 2017<\/p>\n<div class=\"divider_line\"><\/div><\/div>\n<div class=\"one_third last\"><div id=\"framed_box_7a396be555c0bc6347c03dd2f0d7e84a\" class=\"framed_box\">\n\t<div class=\"framed_box_content\">\n\t\t\n<p><img loading=\"lazy\" decoding=\"async\" class=\"alignnone wp-image-45\" src=\"http:\/\/journal.phaselis.org\/wp-content\/uploads\/2015\/06\/pdf.jpg\" alt=\"pdf\" width=\"18\" height=\"18\" \/>\u00a0\u00a0<a href=\"http:\/\/www.libridergi.org\/wp-content\/uploads\/2018\/01\/lbr.2017038.pdf\"><strong>Get PDF<\/strong><\/a><\/p>\n<p><img loading=\"lazy\" decoding=\"async\" class=\"alignnone wp-image-46\" src=\"http:\/\/journal.phaselis.org\/wp-content\/uploads\/2015\/06\/references.jpg\" alt=\"references\" width=\"18\" height=\"18\" \/><strong>\u00a0<\/strong>\u00a0<strong><a href=\"http:\/\/www.libridergi.org\/wp-content\/uploads\/2018\/01\/lbr.2017032.pdf\">View PDF<\/a><\/strong><\/p>\n<p><a href=\"#refs\"><img loading=\"lazy\" decoding=\"async\" class=\"alignnone wp-image-44\" src=\"http:\/\/journal.phaselis.org\/wp-content\/uploads\/2015\/06\/info.jpg\" alt=\"info\" width=\"18\" height=\"18\" \/>\u00a0\u00a0<\/a><b><a href=\"http:\/\/www.libridergi.org\/en\/2017-en\/lbr-0115#refs\">Citation<\/a><br \/>\n<\/b><\/p>\n\n\t\t<div class=\"framed_box_space\"><\/div>\n\t<\/div>\n<\/div>\n<\/div><div class=\"clearboth\"><\/div>\n<p style=\"text-align: center;\"><strong>K.\u00a0\u0130REN, \u00c7. KARA\u00d6Z \u2013 \u00d6. KASAR (Haz.),<em> Persler: Anadolu\u2019da Kudret ve G\u00f6rkem (The Persians: Power and Glory in Anatolia)<\/em>. \u0130stanbul 2017. Yap\u0131 Kredi Yay\u0131nlar\u0131, 424 sayfa. <\/strong><strong>ISBN: 9789750840012<\/strong><\/p>\n<p><strong>\u00ad<\/strong><\/p>\n<p style=\"text-align: justify;\">Anadolu Tarihi\u2019nin Pers D\u00f6nemi\u2019ni kapsayan kitap Perslerin Anadolulu uyrukla\u00adr\u0131yla nas\u0131l bir y\u00f6neti\u015fim sistemi meydana getirdiklerini alan\u0131nda uzman ara\u015ft\u0131r\u00admac\u0131lar\u0131n yazd\u0131klar\u0131 makalelerle irdeliyor. Asl\u0131nda bu kitap Anadolu Tarihi\u2019ni en erken devirlerden itibaren ele alan <em>Anadolu Uygarl\u0131klar\u0131 Serisi<\/em>\u2019nin (<em>Anatolian Civilizations Series<\/em>) alt\u0131nc\u0131 kitab\u0131 olarak ortaya \u00e7\u0131km\u0131\u015f ve serinin di\u011fer kitaplar\u0131 gibi Anadolu\u2019nun tarihsel dokusunu arkeolojik, n\u00fcmizmatik, epigrafik ve tarih\u00adsel kan\u0131tlardan yola \u00e7\u0131karak bir b\u00fct\u00fcnl\u00fck i\u00e7erisinde incelemi\u015ftir. 23,5&#215;33 eba\u00add\u0131n\u00adda ku\u015feka\u011f\u0131d\u0131na bas\u0131lm\u0131\u015f olan ve T\u00fcrk\u00e7e-\u0130ngilizce olarak \u00e7ift dilli yay\u0131mlanan kitap; <em>\u00d6ns\u00f6z [Foreword]<\/em> (VIII-IX), <em>Anadolu Topraklar\u0131nda 200 y\u0131l ve \u00c7ok K\u00fclt\u00fcr\u00adl\u00fcl\u00fck [200 years of cultural pluralism on Anatolian soil]<\/em> (X-XI), <em>K\u00fc\u00e7\u00fck S\u00f6zl\u00fck [Glossary]<\/em> (411-412) ve <em>Dizin [Index]<\/em> (413-424) ba\u015fl\u0131klar\u0131yla birlikte yirmi iki makaleden olu\u015fmaktad\u0131r. <em>\u00d6ns\u00f6z [Foreword]<\/em>, kitab\u0131n olu\u015fturulmas\u0131nda katk\u0131lar\u0131 bulunan T\u00fcpra\u015f ad\u0131na kurumun genel m\u00fcd\u00fcr\u00fc \u0130brahim Yelmeno\u011flu\u2019nun imza\u00ads\u0131n\u0131 ta\u015f\u0131rken <em>Anadolu Topraklar\u0131nda 200 y\u0131l ve \u00c7ok K\u00fclt\u00fcrl\u00fcl\u00fck [200 years of cultural pluralism on Anatolian soil]<\/em> ba\u015fl\u0131\u011f\u0131 kitab\u0131n edit\u00f6rleri Kaan \u0130ren, \u00c7i\u00e7ek Kara\u00f6z ve \u00d6zg\u00fcn Kasar taraf\u0131ndan b\u00f6ylesine bir \u00e7al\u0131\u015fman\u0131n amac\u0131n\u0131 a\u00e7\u0131klamak i\u00e7in kaleme al\u0131nm\u0131\u015ft\u0131r.<\/p>\n<p style=\"text-align: justify;\">Tomris Bak\u0131r\u2019\u0131n yazd\u0131\u011f\u0131 <em>Anadolu\u2019da Perslerin \u0130zinde [Tracing the Persians\u2019 Footsteps in Anatolia]<\/em> (2-9) isimli \u00e7al\u0131\u015fma kitab\u0131n ilk makalesidir. Yazar, bu \u00e7al\u0131\u015f\u00admas\u0131nda Anadolu\u2019daki Perslerin iki \u00f6nemli y\u00f6netim merkezi olan Sardeis ve Daskyleion satrapl\u0131k merkezlerinin arkeologlar taraf\u0131ndan ger\u00e7ekle\u015ftirilen kaz\u0131 s\u00fcrecini ana hatlar\u0131yla \u00f6zetlemektedir. Ard\u0131ndan, ilkin Pers imparatorlu\u011funun kurucusu B\u00fcy\u00fck Kyros ve soyunu; imparatorlu\u011fun gerek y\u00f6netim gerek top\u00adlumsal a\u00e7\u0131dan nas\u0131l bir yap\u0131ya sahip oldu\u011funu ele alan <em>Persler Kimdir? [Who are the Persians?]<\/em> (12-20) ba\u015fl\u0131kl\u0131 \u00e7al\u0131\u015fma d\u00fcnyada Persler \u00fczerine bir otorite olan Pierre Briant\u2019a aittir ve kitab\u0131n ikinci makalesini olu\u015fturmaktad\u0131r. Fahri \u0131\u015f\u0131k taraf\u0131ndan haz\u0131rlanan <em>Perslerden \u00d6nce Anadolu [Anatolia Before the Persians]<\/em> (24-49) ba\u015fl\u0131kl\u0131 \u00e7al\u0131\u015fma kitab\u0131n \u00fc\u00e7\u00fcnc\u00fc makalesidir. Yazar bu \u00e7al\u0131\u015fmas\u0131nda <em>Anadolulu<\/em> bir bak\u0131\u015f a\u00e7\u0131s\u0131yla Urartular\u0131, Yeni Hititleri, Phrygial\u0131lar\u0131, Lydial\u0131lar\u0131, Karial\u0131lar\u0131, Lykial\u0131lar\u0131 ve \u0130onial\u0131lar\u0131 ele ele alarak bu halklardan \u00f6zellikle \u0130onial\u0131la\u00adra erken devir Anadolu k\u00fclt\u00fcr\u00fcn\u00fc Perslere kadar ta\u015f\u0131malar\u0131 hasebiyle dikkat \u00e7eker. B\u00f6ylece Pers \u00f6nceki Anadolu\u2019nun genel bir portresi \u00e7\u0131kart\u0131lm\u0131\u015f olur. <em>Pers H\u00e2kimiyeti Alt\u0131nda Anadolu Halklar\u0131 [The Anatolian People under the Persian Rule]<\/em> (52-61) isimli Fr\u00e9d\u00e9ric Maffre\u2019ye ait \u00e7al\u0131\u015fma kitab\u0131n d\u00f6rd\u00fcnc\u00fc makalesi\u00addir. Bu \u00e7al\u0131\u015fmada, Anadolu\u2019ya Perslerin ilk giri\u015flerinden itibaren yerel halk ve ge\u00e7lerle nas\u0131l bir y\u00f6neti\u015fim meydana getirdikleri ve ortak Anadolu-Pers k\u00fclt\u00fc\u00adr\u00fcn\u00fcn tarihsel s\u00fcre\u00e7 i\u00e7erisinde nas\u0131l bir yol izledi\u011fi ele al\u0131nmaktad\u0131r. Kitab\u0131n, Eric A. Raimond taraf\u0131ndan kaleme al\u0131nan be\u015finci makalesi <em>Pers Anadolusu\u2019nda Tanr\u0131lar ve Halklar: Lykia Tanr\u0131lar\u0131 \u00d6rne\u011fi [Gods and Peoples in Persian Anato\u00adlia: the Case of Lycian Deities]<\/em> (66-75) olarak isimlendirilmi\u015ftir. Burada yazar, <em>Letoon \u00dc\u00e7 Dilli Yaz\u0131t\u0131 (Steli)<\/em> \u00f6rne\u011finden hareketle Lykia B\u00f6lgesi halk\u0131n\u0131n inan\u00e7la\u00adr\u0131n\u0131 de\u011ferlendirmektedir. Pers imparatorlu\u011funun kurulu\u015fundan itibaren mey\u00adda\u00adna gelen siyas\u00ee olaylar\u0131n Anadolu \u00f6zelinde ele al\u0131nd\u0131\u011f\u0131 <em>Anadolu\u2019da Persler: Sa\u00adva\u015f, \u0130syan ve Diplomasi [Persians in Anatolia: War, Rebellion and Diplomacy]<\/em> (78-99) ba\u015fl\u0131kl\u0131 alt\u0131nc\u0131 makale ise Sevgi Sar\u0131kaya ve Murat Arslan taraf\u0131ndan kaleme al\u0131nm\u0131\u015ft\u0131r. <em>Persler D\u00f6nemi\u2019nde Anadolu\u2019da Para ve Ticaret [Money and Trade During the Persian Period in Anatolia]<\/em> (102-133) isimli yedinci makale O\u011fuz Tekin\u2019e aittir. Yazar bu \u00e7al\u0131\u015fmas\u0131nda, Perslerin Sardeis\u2019i ele ge\u00e7irdikleri tarihten itibaren sikke darp ettiklerini ancak bu darplar\u0131n genelde Bat\u0131 Anado\u00adlu\u2019da kullan\u0131ld\u0131klar\u0131n\u0131 belirtmektedir. Ayr\u0131ca sikkelerin kullan\u0131m alanlar\u0131 ve Ana\u00addolu ticar\u00ee hayat\u0131na etkileri de tart\u0131\u015f\u0131lan konulardan biri olarak dikkat \u00e7ekmek\u00adtedir. Kitab\u0131n sekizinci makalesi Murat Arslan taraf\u0131ndan kaleme al\u0131nan <em>\u0130sken\u00adder\u2019in K\u00fc\u00e7\u00fck Asya Seferi ve \u0130ssos Muharebesi: Antik\u00e7a\u011f Tarihine Y\u00f6n Veren Bir Muharebenin Portresi [The Asia Minor Campaign of Alexander and the Battle of Issus Portrait of a Battle that Shaped Ancient History]<\/em> (136-158) olarak isimlendirilmi\u015ftir. Yazar bu \u00e7al\u0131\u015fmas\u0131nda, B\u00fcy\u00fck \u0130skender\u2019in Perslerle yapt\u0131\u011f\u0131 \u00fc\u00e7 \u00e7arp\u0131\u015fman\u0131n ikincisi olan \u0130ssos Muharebesi\u2019ni geli\u015fim a\u015famalar\u0131yla birlikte mi\u00adtolojik anlat\u0131lardan soyutlayarak ele almaktad\u0131r. Ayr\u0131ca makalenin ilk sayfala\u00adr\u0131nda tarih\u00e7ilerin, siyaset\u00e7ilerin, entelekt\u00fcellerin ve tabi ki toplumun B\u00fcy\u00fck \u0130skender\u2019e nas\u0131l yakla\u015ft\u0131klar\u0131 genel hatlar\u0131yla \u00f6zetlenmi\u015ftir. Suat Ate\u015flier\u2019e ait ve kitab\u0131n dokuzuncu makalesi olan <em>Anadolu\u2019da Pers D\u00f6nemi Yap\u0131lar\u0131 [Archi\u00adtecture During the Persian Period in Anatolia]<\/em> (162-171) ba\u015fl\u0131kl\u0131 \u00e7al\u0131\u015fmada, Pers D\u00f6nemi Anadolusu\u2019ndaki mimar\u00ee faaliyetlerin Arkhaik D\u00f6nem\u2019e nazaran daha s\u00f6n\u00fck oldu\u011fu belirtildikten sonra M\u00d6 VI. ile IV. y\u00fczy\u0131l aras\u0131 mimar\u00ee geli\u015fmeler mezar yap\u0131lar\u0131 \u00fczerinden ele al\u0131nmaktad\u0131r. Pers kral\u00ee imgelerinden olan <em>para\u00addeisos<\/em>un Bat\u0131 Anadolu\u2019da kurulmalar\u0131n\u0131 ve bu imgeyi satraplar\u0131n ne ama\u00e7la kulland\u0131klar\u0131n\u0131 ele alan <em>Yery\u00fcz\u00fc Cennetleri: Pers Bah\u00e7eleri ve Paradeisoslar\u0131 [Earthly Paradises: Persian Gardens and Paradeisoi]<\/em> (174-183) ba\u015fl\u0131kl\u0131 kitab\u0131n onuncu makalesi ise H\u00fclya Bulut\u2019a aittir. Kitab\u0131n on birinci makalesi <em>Anadolu\u2019da Pers Etkili Ta\u015f Plastik Eserler [Persian Influence on Stone Carving in Anatolia]<\/em> (186-201) adl\u0131 G\u00fcrcan Polat\u2019a ait \u00e7al\u0131\u015fmad\u0131r. Yazar, Anadolu\u2019daki Pers plastik ta\u015f eserlerini genellikle nekrolojik kal\u0131nt\u0131lar (zira en fazla bu tip kal\u0131nt\u0131lar gelmi\u015ftir g\u00fcn\u00fcm\u00fcze) \u00fczerinden de\u011ferlendirmektedir. \u00d6zellikle eserlerde Ana\u00addolulu yerel y\u00f6neticilerin Pers kral\u00ee imgelerini nas\u0131l kulland\u0131\u011f\u0131 kabartmalardaki sahneler incelenerek betimlenmektedir. Polyksena Lahdi\u2019nin incelendi\u011fi kita\u00adb\u0131n on ikinci makalesi Figen \u00c7evirici-Co\u015fkun\u2019a aittir ve <em>Polyksena Lahdi: Bir Pers soylusunun Lahdi mi? [The Polyxena Sarcophagus: A Persian Aristocrat\u2019s Sarco\u00adphagus?]<\/em> (204-221) olarak isimlendirilmektedir. Sedef \u00c7okay-Kep\u00e7e\u2019nin kaleme ald\u0131\u011f\u0131 <em>Anadolu\u2019da Bulunmu\u015f Pi\u015fmi\u015f Toprak Akhaimenid K\u00e2se ve Phiale\u00adler: Genel Bir De\u011ferlendirme [Achaemenid Terracotta Bowls and Phiale Found in Anatolia: An Overview]<\/em> (224-234) kitab\u0131n on \u00fc\u00e7\u00fcnc\u00fc makalesini olu\u015fturmak\u00adtad\u0131r. Yazar bu \u00e7al\u0131\u015fmas\u0131nda, Anadolu\u2019nun do\u011fusundan bat\u0131s\u0131na kadar ele ge\u00e7en arkeolojik veriler \u0131\u015f\u0131\u011f\u0131nda Akhaimenid k\u00e2se tipinin yay\u0131l\u0131m alanlar\u0131n\u0131 be\u00adlir\u00adlemeye \u00e7al\u0131\u015fmaktad\u0131r. Ayr\u0131ca Akhaimenid k\u00e2se tipinin yay\u0131l\u0131m alan\u0131n\u0131n ayn\u0131 zamanda Pers ya\u015fam k\u00fclt\u00fcr\u00fcn\u00fcn yay\u0131l\u0131m alan\u0131 oldu\u011funu da belirtmi\u015ftir. Akhai\u00admenid d\u00f6neminden kalma dekorasyon e\u015fyalar\u0131, kaplar ve tak\u0131lar \u00f6zelinde Ana\u00addo\u00adlu\u2019daki Pers izlerinin ele al\u0131nd\u0131\u011f\u0131 \u0130nci Delemen\u2019e aittir ve <em>Anadolu\u2019da Pers Et\u00adkili Prestij Nesneleri (Insignia) [Prestige Objects (Insignia) with Persian Influ\u00adences in Anatolia]<\/em> (238-251) olarak isimlendirilmi\u015ftir. Kitab\u0131n on be\u015finci maka\u00adlesi ise Deniz Kaplan\u2019a ait olan <em>Anadolu\u2019da Pers d\u00f6nemi M\u00fch\u00fcrleri [Seals from Achaemenid Anatolia]<\/em> (254-267) olarak isimlendirilmi\u015f \u00e7al\u0131\u015fmad\u0131r. Burada ya\u00adzar taraf\u0131ndan, \u00f6ncelikle Anadolu\u2019dan ele ge\u00e7mi\u015f Pers d\u00f6nemi m\u00fch\u00fcrlerinin buluntu yerleri ve ara\u015ft\u0131r\u0131lmalar\u0131 ard\u0131ndan ise bu m\u00fch\u00fcrlerin kullan\u0131m\u0131nda g\u00f6ze\u00adtilen ama\u00e7 ve tipolojileri genel hatlar\u0131yla anlat\u0131lmaktad\u0131r. <em>Atinal\u0131lar\u0131n G\u00f6\u00adz\u00fcnden Anadolu\u2019da Pers Varl\u0131\u011f\u0131 [The Persian Presence in Anatolia-An Athenian Perspective]<\/em> (270-280) olarak isimlendirilen on alt\u0131nc\u0131 makale Margaret C. Miller\u2019e aittir. Yazar bu \u00e7al\u0131\u015fmas\u0131nda, vazo resimleri ve lahitlerdeki tasvirlerden yola \u00e7\u0131karak ilk\u00e7a\u011f Hellenlerinin Perslere bak\u0131\u015f a\u00e7\u0131s\u0131n\u0131 \u00e7\u00f6z\u00fcmlemeye \u00e7al\u0131\u015fmak\u00adtad\u0131r. Adnan Diler\u2019in kaleme ald\u0131\u011f\u0131 kitab\u0131n on yedinci makalesi <em>Anadolu-Pers D\u00f6nemi Sanat\u0131nda \u0130konografi: Gelenek, Ger\u00e7eklik ve Paradoks [Iconography in Anatolian-Persian Art: Tradition, Political Realism and Paradox]<\/em> (284-305) olarak isimlendirilmi\u015ftir. Burada Anadolulu yerel eserlerin Perslerle ili\u015fkiler do\u011frultusunda do\u011fu etkisi ta\u015f\u0131d\u0131klar\u0131 s\u00f6ylendikten sonra bu sanat eserlerinin belli ba\u015fl\u0131 ikonografileri betimlemekte ve yorumlamaktad\u0131r. Kitab\u0131n on sekizinci makalesi Nicholas Cahill\u2019in kaleme ald\u0131\u011f\u0131 <em>Lydia Satrapl\u0131\u011f\u0131 [The Satrapy of Lydia]<\/em> (308-329) olarak isimlendirilmi\u015ftir. Yazar bu \u00e7al\u0131\u015fmas\u0131nda, Perslerden \u00f6nce de halihaz\u0131rda Anadolu\u2019nun y\u00f6netim merkezi olan Sardeis kenti ve \u00e7evresindeki Lydia B\u00f6lgesi\u2019nin Pers fetihleriyle ne gibi bir d\u00f6n\u00fc\u015f\u00fcm ge\u00e7irdi\u011fini y\u00f6netim organizasyonu, kentle\u015fme ve el sanatlar\u0131 gibi \u00e7e\u015fitli konu ba\u015fl\u0131klar\u0131yla irde\u00admektedir. Kaan \u0130ren ve Handan Y\u0131ld\u0131zhan\u2019\u0131n ortakla\u015fa kaleme ald\u0131\u011f\u0131 makale <em>Pers Daskyleionu: G\u00fcney Marmara B\u00f6lgesi\u2019nde Bir Satrapl\u0131k Merkezi [Persian Dascyleum: a Satrapal Center in Soutern Marmara Region]<\/em> (332-345) olarak isimlendirilmektedir. Bu makalede yazarlar, Daskyleion\u2019un jeopolitik konumu ve tarih\u00ee co\u011frafyas\u0131ndan ba\u015flayarak Pers imparatorlu\u011fu d\u00f6neminde nas\u0131l bir satrapl\u0131k merkezi oldu\u011funu ele almaktad\u0131rlar. Kitab\u0131n yirminci makalesi Olivier Can Henry\u2019e aittir ve <em>Hyssaldomos\u2019un O\u011flu Hekatomnos: Pers Tarihinde Benzersiz Bir Ki\u015filik [Hecatomnus, son of Hyssaldomus: A Unicum in Persian History]<\/em> (350-365) olarak isimlendirilmi\u015ftir. Yazar bu \u00e7al\u0131\u015fmas\u0131nda, Hekatom\u00adnidlerin k\u00f6keni, hakimiyet kurduklar\u0131 b\u00f6lge ve hanedan\u0131n kurucusu Hekatom\u00adnos\u2019un siyas\u00ee faaliyetleri, ard\u0131nda b\u0131rakt\u0131\u011f\u0131 arkeolojik, n\u00fcmizmatik ve epigrafik envanteri inceleyerek yorumlarda bulunmaktad\u0131r. Paphlogonia B\u00f6lgesi\u2019ndeki Pers hakimiyetinin ba\u015flang\u0131c\u0131ndan M\u00d6 IV. y\u00fczy\u0131la kadarki tarihsel s\u00fcreci ele alan ve sonras\u0131nda b\u00f6lgedeki Pers dokusuna de\u011finen <em>Bat\u0131 Karadeniz B\u00f6l\u00adgesi\u2019nde Pers \u0130zleri [Persian Traces in the West Black Sea Region]<\/em> (368-387) ba\u015fl\u0131kl\u0131, kitab\u0131n yirmi birinci makalesi F. Eray D\u00f6k\u00fc\u2019ye aittir. Kitab\u0131n son maka\u00adlesi ise Stuart Blaylock\u2019a ait olan ve <em>F\u0131rat \u00dczerinde Tille H\u00f6y\u00fck\u2019te Akhaimenid Tabakas\u0131 ve G\u00fcneydo\u011fu Anadolu\u2019da Akhaimenid Arkeolojisi \u0130\u00e7in Di\u011fer Bulgular [The Achaemenid Level at Tille H\u00f6y\u00fck on the Euphrates and Other Evidence for Achaemenid Archaeology in South-East Anatolia]<\/em> (390-407) ismini ta\u015f\u0131yan \u00e7al\u0131\u015fmad\u0131r. Yazar bu makalede, Tille H\u00f6y\u00fck\u2019\u00fcn X. Tabakas\u0131 olarak tan\u0131mlanan do\u00adkunun Akhaimenid d\u00f6nemine tarihlendi\u011fini belirtir ve bu tabakadan g\u00fcn\u00fcm\u00fcze ula\u015fan arkeolojik envanterin Perslerle ili\u015fkisi \u00fczerinde durmaktad\u0131r.<\/p>\n<p style=\"text-align: justify;\">Geni\u015f bir co\u011frafyaya yay\u0131lm\u0131\u015f ve farkl\u0131 halklar \u00fczerinde h\u00e2kimiyet sa\u011flam\u0131\u015f en erken \u00f6rneklerden biri olan Pers \u0130mparatorlu\u011fu yakla\u015f\u0131k iki y\u00fcz y\u0131l boyunca Anadolu\u2019yu (K\u00fc\u00e7\u00fck Asia) y\u00f6netti. Perslerin bu iki y\u00fcz y\u0131l boyunca farkl\u0131 k\u00fclt\u00fcr\u00adlere kar\u015f\u0131 daima itidalle yakla\u015fmalar\u0131 y\u00f6netimlerinin devaml\u0131l\u0131\u011f\u0131n\u0131 sa\u011flayan en \u00f6nemli etkendi. Yirmi be\u015f y\u00fczy\u0131l sonra bile farkl\u0131l\u0131klara, <em>\u00f6tekilik<\/em>lere, <em>biz<\/em>den olma\u00adyanlara kar\u015f\u0131 g\u00f6steremedi\u011fimiz bu itidal, Perslerin bize halen \u00f6\u011fretecek bir \u015feyleri oldu\u011funu g\u00f6steriyor. Zengin Anadolu topraklar\u0131nda M\u00d6 VI. y\u00fczy\u0131l\u0131n ortalar\u0131ndan ba\u015flay\u0131p M\u00d6 IV. y\u00fczy\u0131l\u0131n ikinci yar\u0131s\u0131na kadar devam eden ve Ana\u00addolu-Pers olarak adland\u0131r\u0131lan bir k\u00fclt\u00fcr evresinin olu\u015fmas\u0131n\u0131 sa\u011flayan bu d\u00f6ne\u00admin izlerini ba\u015fta arkeolojik eserler olmak \u00fczere sanat\u0131n her alan\u0131nda g\u00f6rmek m\u00fcmk\u00fcnd\u00fcr. Kitapta bu eserlerin foto\u011fraflar\u0131na yer verilmesi kitab\u0131 tematik a\u00e7\u0131dan olduk\u00e7a renklendirmi\u015ftir. Ayr\u0131ca kitab\u0131n sonuna eklenen <em>S\u00f6zl\u00fck<\/em> <em>(Glos\u00adsary)<\/em> ba\u015fl\u0131\u011f\u0131 alt\u0131nda kitap i\u00e7erisindeki teknik terimlerin yer almas\u0131, herhangi bir s\u00f6zl\u00fck yard\u0131m\u0131 olmaks\u0131z\u0131n okuyucuya gereken bilgiyi vermesi sebebiyle faydal\u0131 olmu\u015ftur. Neticede alan\u0131nda T\u00fcrk\u00e7e\u2019de yay\u0131mlanm\u0131\u015f en kapsaml\u0131 kitap olma \u00f6zelli\u011fi ta\u015f\u0131yan eserin Persler \u00fczerine yap\u0131lacak gelecekteki \u00e7al\u0131\u015fmalara da \u00f6n\u00adc\u00fcl\u00fck edece\u011fi \u015f\u00fcphesizdir.<\/p>\n<div class=\"one_half\"><p><strong>Akdeniz \u00dcniversitesi<br \/>\nAkdeniz Uygarl\u0131klar\u0131 Ara\u015ft\u0131rma Enstit\u00fcs\u00fc<br \/>\n<\/strong><\/p><\/div>\n<p style=\"text-align: right;\"><div class=\"one_half last\"><p style=\"text-align: right;\"><strong>Emre SALMAN (MA.)\u00a0<\/strong><br \/>\n<strong>emresalmn@gmail.com<\/strong><\/p>\n<p style=\"text-align: right;\"><\/div><div class=\"clearboth\"><\/div>\n<p style=\"text-align: right;\"><div class=\"divider_padding\"><\/div>\n<p><a name=\"refs\"><\/a><div class=\"tabs_container\"><ul class=\"tabs\"><li><a href=\"#\">Citation<\/a><\/li><li><a href=\"#\">Link<\/a><\/li><\/ul><div class=\"panes\"><div class=\"pane\"><p>E. Salman, <em>Historia: Antik\u00e7a\u011fda Ara\u015ft\u0131rma Fikrinin Do\u011fu\u015fu.<\/em> Haz\u0131rlayanlar: K. \u0130ren, \u00c7. Kara\u00f6z, \u00d6. Kasar, <em>Libri<\/em> III (2017) 485-489. DOI: 10.20480\/lbr.2017038<\/p><\/div><div class=\"pane\"><p>Link:\u00a0<a href=\"http:\/\/www.libridergi.org\/en\/2017-en\/lbr-0120\">http:\/\/www.libridergi.org\/en\/2017-en\/lbr-0120<\/a><\/p><\/div><\/div><\/div>\n","protected":false},"excerpt":{"rendered":"<p>K.\u00a0\u0130REN, \u00c7. KARA\u00d6Z \u2013 \u00d6. KASAR (Haz.), Persler: Anadolu\u2019da Kudret ve G\u00f6rkem (The Persians: Power and Glory in Anatolia). \u0130stanbul 2017. Yap\u0131 Kredi Yay\u0131nlar\u0131, 424 sayfa. ISBN: 9789750840012 \u00ad Anadolu Tarihi\u2019nin Pers D\u00f6nemi\u2019ni kapsayan kitap Perslerin Anadolulu uyrukla\u00adr\u0131yla nas\u0131l bir y\u00f6neti\u015fim sistemi meydana getirdiklerini alan\u0131nda uzman ara\u015ft\u0131r\u00admac\u0131lar\u0131n yazd\u0131klar\u0131 makalelerle irdeliyor. Asl\u0131nda bu kitap Anadolu Tarihi\u2019ni &#8230;<\/p>\n","protected":false},"author":1,"featured_media":3138,"comment_status":"closed","ping_status":"closed","sticky":false,"template":"","format":"standard","meta":{"footnotes":""},"categories":[99,102],"tags":[],"class_list":["post-3326","post","type-post","status-publish","format-standard","has-post-thumbnail","hentry","category-2017-en","category-booknotice-17-en"],"_links":{"self":[{"href":"http:\/\/www.libridergi.org\/en\/wp-json\/wp\/v2\/posts\/3326","targetHints":{"allow":["GET"]}}],"collection":[{"href":"http:\/\/www.libridergi.org\/en\/wp-json\/wp\/v2\/posts"}],"about":[{"href":"http:\/\/www.libridergi.org\/en\/wp-json\/wp\/v2\/types\/post"}],"author":[{"embeddable":true,"href":"http:\/\/www.libridergi.org\/en\/wp-json\/wp\/v2\/users\/1"}],"replies":[{"embeddable":true,"href":"http:\/\/www.libridergi.org\/en\/wp-json\/wp\/v2\/comments?post=3326"}],"version-history":[{"count":0,"href":"http:\/\/www.libridergi.org\/en\/wp-json\/wp\/v2\/posts\/3326\/revisions"}],"wp:featuredmedia":[{"embeddable":true,"href":"http:\/\/www.libridergi.org\/en\/wp-json\/wp\/v2\/media\/3138"}],"wp:attachment":[{"href":"http:\/\/www.libridergi.org\/en\/wp-json\/wp\/v2\/media?parent=3326"}],"wp:term":[{"taxonomy":"category","embeddable":true,"href":"http:\/\/www.libridergi.org\/en\/wp-json\/wp\/v2\/categories?post=3326"},{"taxonomy":"post_tag","embeddable":true,"href":"http:\/\/www.libridergi.org\/en\/wp-json\/wp\/v2\/tags?post=3326"}],"curies":[{"name":"wp","href":"https:\/\/api.w.org\/{rel}","templated":true}]}}