{"id":1464,"date":"2016-02-28T23:31:27","date_gmt":"2016-02-28T21:31:27","guid":{"rendered":"http:\/\/www.libridergi.org\/en\/?p=1464"},"modified":"2016-07-27T15:42:48","modified_gmt":"2016-07-27T12:42:48","slug":"lbr-0003","status":"publish","type":"post","link":"http:\/\/www.libridergi.org\/en\/2015-en\/lbr-0003","title":{"rendered":"Manisa M\u00fczesi Heykelt\u0131ra\u015fl\u0131k Eserleri"},"content":{"rendered":"<p><em><div class=\"one_fourth\"><figure class=\"image_styled image_fit_mobile\" style=\"width:177px;\">\n\t\t<div class=\"image_frame effect-zoom\"><div class=\"image_shadow_wrap\">\n\t\t<a data-fittoview=\"true\" class=\"image_size_medium lightbox\" title=\"\" href=\"http:\/\/www.libridergi.org\/wp-content\/uploads\/2015\/12\/S.-Durug\u00f6n\u00fcl-Manisa-M\u00fczesi-Heykelt\u0131ra\u015fl\u0131k-Eserleri.jpeg\"><img decoding=\"async\" alt=\"\" src=\"http:\/\/www.libridergi.org\/wp-content\/uploads\/strikingr\/images\/955_S.-Durug\u00f6n\u00fcl-Manisa-M\u00fczesi-Heykelt\u0131ra\u015fl\u0131k-Eserleri-175.jpg\" data-thumbnail=\"955\" \/><\/a>\n\t\t<\/div><\/div><\/figure><\/div><\/em><\/p>\n<div class=\"three_fourth last\"><h2 style=\"text-align: justify;\">Manisa M\u00fczesi Heykelt\u0131ra\u015fl\u0131k Eserleri<\/h2>\n<h3>Serra DURUG\u00d6N\u00dcL<\/h3>\n<div class=\"divider_line\"><\/div>\n<p><strong>ISBN:\u00a0<\/strong>9786054701667<br \/>\n<strong>Page:\u00a0<\/strong>189\u00a0(with 170 images)<br \/>\n<strong>Publication Date:<\/strong> 2015<br \/>\n<strong>Location:\u00a0<\/strong>\u0130stanbul<br \/>\n<strong>Publisher:\u00a0<\/strong>Oksijen Bas\u0131m ve Matbaac\u0131l\u0131k<\/p><\/div><div class=\"clearboth\"><\/div>\n<p style=\"text-align: left;\"><div class=\"two_third\"><div class=\"divider_line\"><\/div>\n<strong><em>LIBRI<\/em> I (2015) 7-9<\/strong><br \/>\n<strong>DOI<\/strong>:\u00a0 10.20480\/lbr.2015115454<br \/>\n<strong>Received Date<\/strong>: 26.07.2015\u00a0 \u00a0 \u00a0\u00a0 <strong>Acceptance Date<\/strong>: 29.07.2015<br \/>\n<strong>Online Publication Date<\/strong>: 24.12.2015<br \/>\nCopyright \u00a9 Journal of Book Notices, Reviews and Translations, 2015<\/p>\n<p style=\"text-align: left;\"><div class=\"divider_line\"><\/div><\/div>\n<p style=\"text-align: left;\"><div class=\"one_third last\"><div id=\"framed_box_67897c3a9fcd26049715d873158e71c3\" class=\"framed_box\">\n\t<div class=\"framed_box_content\">\n\t\t\n<p style=\"text-align: left;\"><img loading=\"lazy\" decoding=\"async\" class=\"alignnone wp-image-45\" src=\"http:\/\/journal.phaselis.org\/wp-content\/uploads\/2015\/06\/pdf.jpg\" alt=\"pdf\" width=\"18\" height=\"18\" \/>\u00a0 <strong><a href=\"http:\/\/www.libridergi.org\/wp-content\/uploads\/2015\/06\/LIBRI-1-3-Betul_Gurel_Manisa_Muzesi_Heykeltiraslik_Eserleri.pdf\" target=\"_blank\">Get PDF<\/a><\/strong><\/p>\n<p style=\"text-align: left;\"><img loading=\"lazy\" decoding=\"async\" class=\"alignnone wp-image-46\" src=\"http:\/\/journal.phaselis.org\/wp-content\/uploads\/2015\/06\/references.jpg\" alt=\"references\" width=\"18\" height=\"18\" \/><strong>\u00a0<\/strong> <strong><a href=\"http:\/\/www.libridergi.org\/wp-content\/uploads\/2015\/06\/LIBRI-1-3-Betul_Gurel_Manisa_Muzesi_Heykeltiraslik_Eserleri.pdf\" target=\"_blank\">View PDF<\/a><\/strong><\/p>\n<p style=\"text-align: left;\"><a href=\"#refs\"><img loading=\"lazy\" decoding=\"async\" class=\"alignnone wp-image-44\" src=\"http:\/\/journal.phaselis.org\/wp-content\/uploads\/2015\/06\/info.jpg\" alt=\"info\" width=\"18\" height=\"18\" \/>\u00a0 <\/a><b><a href=\"#refs\">Citation<\/a><br \/>\n<\/b><\/p>\n<p style=\"text-align: left;\">\n\t\t<div class=\"framed_box_space\"><\/div>\n\t<\/div>\n<\/div>\n<\/div><div class=\"clearboth\"><\/div>\n<p><strong>S. DURUG\u00d6N\u00dcL (Ed.), Manisa M\u00fczesi Heykelt\u0131ra\u015fl\u0131k Eserleri. \u0130stanbul 2015. Oksijen Bas\u0131m ve Matbaac\u0131l\u0131k, 189 sayfa (170 resim ile birlikte). ISBN: 9786054701667<br \/>\n<\/strong><\/p>\n<p style=\"text-align: justify;\">Durug\u00f6n\u00fcl\u2019\u00fcn edit\u00f6rl\u00fc\u011f\u00fcnde Mersin \u00dcniversi\u00adtesi <em>Kilikia<\/em><em> Arkeolojisini Ara\u015ft\u0131rma Merkezi<\/em> (<em>KAAM<\/em>) <em>Yay\u0131nlar\u0131<\/em> b\u00fcnyesinde okuyucuyla bulu\u015fan ikinci m\u00fcze kitab\u0131 \u201c<em>Manisa M\u00fczesi Heykel\u00adt\u0131ra\u015fl\u0131k Eserleri<\/em>\u201d, tarih aral\u0131\u011f\u0131 Arkaik D\u00f6nem\u2019den Ge\u00e7 Roma D\u00f6nemi sonuna kadar uzanan; heykel, portre, kabartma ve lahitlerin dahil oldu\u011fu y\u00fcz sekiz heykelt\u0131ra\u015fl\u0131k eserini kapsamakta\u00add\u0131r. Bu kapsamda epigrafik malzemeler hari\u00e7 tutulmu\u015f ayr\u0131ca M\u00fcze\u2019nin deposunu inceleme ola\u00adna\u011f\u0131 bulamayan \u00e7al\u0131\u015fma ekibi taraf\u0131ndan baz\u0131 eserler katalo\u011fa dahil edilememi\u015ftir.<\/p>\n<p style=\"text-align: justify;\">Kitapta yer alan eserlerin yo\u011funlukla <em>Philadelphia <\/em>(Ala\u015fehir), <em>Thyateira <\/em>(Akhisar), <em>Magne\u00adsia<\/em> <em>ad<\/em> <em>Sipylum<\/em> (Manisa) ile <em>Katakekaumene <\/em>(Kula) yerle\u015fimlerinden Manisa M\u00fczesi\u2019ne kazan\u00add\u0131r\u0131ld\u0131\u011f\u0131 g\u00f6r\u00fclmektedir. Buluntu yerleri belli olan bu eserler \u0131\u015f\u0131\u011f\u0131nda hem nereden geldi\u011fi belli olmayan eserleri yorumlamak m\u00fcmk\u00fcn k\u0131l\u0131nmakta hem de Lydia B\u00f6lgesi heykelt\u0131ra\u015fl\u0131k gelene\u011fi hakk\u0131nda bilgiler sunulmaktad\u0131r.<\/p>\n<p style=\"text-align: justify;\">Okuyucu, sistematik bir b\u00fct\u00fcnl\u00fck i\u00e7inde olu\u015fturulan katalog b\u00f6l\u00fcmlerinde her bir eserin; bu \u00e7al\u0131\u015fmaya ait numaras\u0131 (<em>Kat. Nr.<\/em>), m\u00fcze envanter numaras\u0131 (<em>Env. Nr.<\/em>), tan\u0131m\u0131, t\u00fcr\u00fc\/ad\u0131, malze\u00admesi, buluntu yeri, m\u00fczeye geli\u015f \u015fekli, \u00f6l\u00e7\u00fcleri, eser de\u011ferlendirmesi, tarihleme \u00f6nerisi ve litera\u00adt\u00fcr bilgilerine ula\u015fabilmektedir. De\u011ferlendirme k\u0131sm\u0131nda, d\u00f6nem kriterleri ekseninde gerek b\u00f6l\u00adge gerekse yurti\u00e7i\/yurtd\u0131\u015f\u0131 benzer \u00f6rneklerle yap\u0131lan kar\u015f\u0131la\u015ft\u0131rmalara yer verilmekte, ayr\u0131ca da\u00adha \u00f6nce yay\u0131nlanm\u0131\u015f ve bu \u00e7al\u0131\u015fma kapsam\u0131na al\u0131nm\u0131\u015f eserlerin \u00f6nceki de\u011ferlendirmelerinin ya\u00adn\u0131 s\u0131ra yeni yorumlar payla\u015f\u0131lmaktad\u0131r.<\/p>\n<p style=\"text-align: justify;\"><em>\u0130\u00e7indekiler <\/em>(5) ve<em> \u00d6ns\u00f6z <\/em>(7-10) ile kitab\u0131n i\u00e7eri\u011fi, kapsam\u0131 ve amac\u0131 hakk\u0131nda bilgiler ve\u00adrildikten sonra toplam sekiz ana ba\u015fl\u0131k alt\u0131nda sunulan b\u00f6l\u00fcmlere ge\u00e7ilmektedir; I- <em>Lydia B\u00f6l\u00adgesi\u2019nin <\/em>(Philadelphia, Thyateira, Magnesia ad Sipylum ve \u00c7evresi)<em> Erken H\u0131ristiyanl\u0131k D\u00f6nemi Sonuna Kadar Tarihi\u2013Co\u011frafyas\u0131 <\/em>(11-19); II- <em>Lydia B\u00f6lgesi\u2019nde <\/em>(Philadelphia, Thyateira, Mag\u00adnesia ad Sipylum ve \u00c7evresi)<em> Gezginler, Epigrafik ve Arkeolojik Ara\u015ft\u0131rmalar <\/em>(21-25); III- <em>Manisa M\u00fczesi\u2019ndeki Hellenistik\u2013Roma D\u00f6nemi Heykelleri <\/em>(27-96); IV- <em>Manisa M\u00fczesi\u2019ndeki Roma\u2013Erken H\u0131ristiyanl\u0131k D\u00f6nemi Portreleri ve Ba\u015flar\u0131 <\/em>(97-111); V- <em>Manisa M\u00fczesi\u2019ndeki Ar\u00adkaik\u2013Roma D\u00f6nemi Kabartmalar\u0131 <\/em>(113-135); VI- <em>Manisa M\u00fczesi\u2019ndeki Hermeler ve Bir Duvar Aplik\u2019i <\/em>(161-169); VII- <em>Manisa M\u00fczesi\u2019ndeki Roma D\u00f6nemi Lahitleri <\/em>(171-179); VIII- <em>Manisa M\u00fczesi Heykelt\u0131ra\u015fl\u0131k Eserlerinin Genel De\u011ferlendirmesi <\/em>(181-187).<\/p>\n<p style=\"text-align: justify;\">I-\u00a0<em>Lydia B\u00f6lgesi\u2019nin <\/em>(Philadelphia, Thyateira, Magnesia ad Sipylum ve \u00c7evresi)<em> Er\u00adken H\u0131ristiyanl\u0131k D\u00f6nemi Sonuna Kadar Tarihi\u2013Co\u011frafyas\u0131 <\/em>(11-19) ba\u015fl\u0131\u011f\u0131 alt\u0131nda Yrd. Do\u00e7. Dr. M\u00fcnteha Din\u00e7 taraf\u0131ndan kaleme al\u0131nm\u0131\u015ft\u0131r. Lydia B\u00f6lgesi\u2019nin s\u0131n\u0131rlar\u0131, topografyas\u0131, tarihsel co\u011f\u00adrafyas\u0131 ve kentlerine dair bilgiler, antik\u00e7a\u011f yazarlar\u0131ndan modern yazarlara de\u011fin edinilen bilgiler \u0131\u015f\u0131\u011f\u0131nda aktar\u0131l\u0131rken b\u00f6lgenin siyasi, ekonomik ve k\u00fclt\u00fcrel de\u011fi\u015fimleri zamandizinsel bir perspek\u00adtif i\u00e7inde okuyucuya aktar\u0131lmaktad\u0131r.<\/p>\n<p style=\"text-align: justify;\">II-\u00a0<em>Lydia B\u00f6lgesi\u2019nde <\/em>(Philadelphia, Thyateira, Magnesia ad Sipylum ve \u00c7evresi)<em> Gez\u00adginler<\/em><em>, Epigrafik ve Arkeolojik Ara\u015ft\u0131rmalar <\/em>(21-25) ba\u015fl\u0131\u011f\u0131yla Ulus Tepeba\u015f ve Yrd. Do\u00e7. Dr. Deniz Kaplan taraf\u0131ndan ele al\u0131nmaktad\u0131r. 18. ve 19. y\u00fczy\u0131lda b\u00f6lgede ara\u015ft\u0131rmalar yapan gez\u00adginlerin arkeoloji ve epigrafi \u00e7al\u0131\u015fmalar\u0131, \u00f6zellikle 20. y\u00fczy\u0131lda yo\u011funluk kazanan epigrafik ara\u015f\u00adt\u0131rmalar\u0131n tarih\u00e7esi ile bug\u00fcne de\u011fin yap\u0131lan arkeolojik kaz\u0131 ve y\u00fczey ara\u015ft\u0131rmalar\u0131n\u0131n kim\u00adler taraf\u0131ndan y\u00fcr\u00fct\u00fcld\u00fc\u011f\u00fc ilgili alt ba\u015fl\u0131klar alt\u0131nda a\u00e7\u0131klanarak t\u00fcm bu \u00e7al\u0131\u015fmalardan \u00fcretilen yay\u0131nlar, y\u00fcksek lisans ve doktora tezleri bu b\u00f6l\u00fcmde tan\u0131t\u0131lmaktad\u0131r.<\/p>\n<p style=\"text-align: justify;\">III<em>&#8211; Manisa M\u00fczesi\u2019ndeki Hellenistik\u2013Roma D\u00f6nemi Heykelleri <\/em>(27-96) ba\u015fl\u0131\u011f\u0131n\u0131 ta\u015f\u0131yan b\u00f6\u00adl\u00fcmde, Yrd. Do\u00e7. Dr. M\u00fcnteha Din\u00e7 taraf\u0131ndan yay\u0131na haz\u0131rlanan k\u0131rk sekiz adet heykel bu\u00adlun\u00admaktad\u0131r. Bu b\u00f6l\u00fcmdeki heykeller; <em>Tanr\u0131\u00e7alar<\/em>, <em>Kad\u0131nlar<\/em>, <em>Tanr\u0131lar-Di\u011fer Mitolojik Fig\u00fcrler<\/em>, <em>Er\u00adkek\u00adler<\/em>, <em>\u00c7ocuk<\/em> <em>Heykelleri<\/em> <em>ve<\/em> <em>Masa<\/em> <em>Ayaklar\u0131<\/em> olmak \u00fczere tipolojik ve ikonografik olarak grup\u00adland\u0131r\u0131lm\u0131\u015ft\u0131r. Tanr\u0131\u00e7alar grubunda <em>Hygieia<\/em>, <em>Nike<\/em>, <em>Athena<\/em>, <em>Kybele<\/em> ve <em>Aphrodite<\/em> heykelleri; Tan\u00adr\u0131lar grubunda <em>Asklepios<\/em>, <em>Dionysos<\/em>, <em>Apollon<\/em> ve <em>Men<\/em> heykelleri ile bir <em>Eros<\/em> ba\u015f\u0131 ve bir <em>Marsyas<\/em> <em>torso<\/em>\u2019su dikkat \u00e7ekmektedir.<\/p>\n<p style=\"text-align: justify;\">IV- <em>Manisa M\u00fczesi\u2019ndeki Roma\u2013Erken H\u0131ristiyanl\u0131k D\u00f6nemi Portreleri ve Ba\u015flar\u0131 <\/em>(97-111) ba\u015fl\u0131\u011f\u0131 alt\u0131nda dokuz adet ba\u015f\/portre M.A. Ulus Tepeba\u015f taraf\u0131ndan de\u011ferlendirilmektedir. Bu eser\u00adlerden sekiz tanesinin buluntu yeri bellidir. Gruptaki plastik eserlerden en erken buluntu MS I. y\u00fczy\u0131l ortalar\u0131na en ge\u00e7 buluntu MS III. y\u00fczy\u0131la tarihlendirilmektedir.<\/p>\n<p style=\"text-align: justify;\">V- <em>Manisa M\u00fczesi\u2019ndeki Arkaik\u2013Roma D\u00f6nemi Kabartmalar\u0131 <\/em>(113-135) b\u00f6l\u00fcm\u00fc Prof. Dr. Serra Durug\u00f6n\u00fcl taraf\u0131ndan de\u011ferlendirilen otuz dokuz kabartmay\u0131 kapsamaktad\u0131r. On dokuz <em>Mezar Steli<\/em>, on \u00fc\u00e7 <em>Adak Steli<\/em>, d\u00f6rt adet <em>Imago Clipeata<\/em> ile d\u00f6rt adet esere yer verilen<em> Di\u011fer Ka\u00adbartmalar<\/em> ba\u015fl\u0131klar\u0131 alt\u0131nda toplanan bu eserler, M\u00d6 V. y\u00fczy\u0131l ile MS VIII-IX. y\u00fczy\u0131l aras\u0131nda tarihlen\u00addirilmektedir. Kabartmalar\u0131n yirmi d\u00f6rd\u00fcn\u00fcn buluntu yeri bellidir; b\u00f6ylelikle buluntu yeri belli olmayan kabartmalar bunlara g\u00f6re de\u011ferlendirebilmekte ve hepsinin Lydia eseri ol\u00addu\u011fu sonu\u00adcuna var\u0131labilmektedir.<\/p>\n<p style=\"text-align: justify;\">VI- <em>Manisa M\u00fczesi\u2019ndeki Hermeler ve Bir Duvar Aplik\u2019i <\/em>(161-169) ba\u015fl\u0131\u011f\u0131n\u0131 ta\u015f\u0131yan bu b\u00f6\u00adl\u00fcm M\u00fcnteha Din\u00e7 ve Serra Durug\u00f6n\u00fcl taraf\u0131ndan de\u011ferlendirilen be\u015f eserden olu\u015fmaktad\u0131r. B\u00f6l\u00fcm sonunda yap\u0131lan de\u011ferlendirmede <em>herme<\/em>\u2019lerin kutsal, bereketli ve koruyucu <em>apotropeik<\/em> \u00f6zellik\u00adleri nedeniyle Arkaik D\u00f6nem\u2019den itibaren bir\u00e7ok yap\u0131da kullan\u0131ld\u0131klar\u0131ndan bahsedilerek tarihsel s\u00fcre\u00e7 i\u00e7inde kullan\u0131m alanlar\u0131 hakk\u0131nda bilgiler verilmektedir. \u00d6zellikle Philadelphia\u2019da bulunmu\u015f olan yar\u0131 i\u015flenmi\u015f <em>Satyr<\/em> ba\u015f\u0131 kentteki heykel \u00fcretiminin a\u00e7\u0131k ispat\u0131 olarak yorumlan\u00admakta ve b\u00f6lgenin heykel \u00fcretimine \u0131\u015f\u0131k tutaca\u011f\u0131 \u00fczerinde durulmaktad\u0131r.<\/p>\n<p style=\"text-align: justify;\">VII- <em>Manisa M\u00fczesi\u2019ndeki Roma D\u00f6nemi Lahitleri <\/em>(171-179) katalo\u011funda yer alan alt\u0131 adet lahit Yrd. Do\u00e7. Dr. Deniz Kaplan taraf\u0131ndan ele al\u0131nmaktad\u0131r. Lahitlerden d\u00f6rd\u00fc girlandlarla be\u00adzenmi\u015ftir. Bunlardan ikisi tam i\u015fli ikisi yar\u0131 mamul \u00f6zelliktedir. Lahitlerde iki tip kapak; akroterli be\u015fik \u00e7at\u0131 ile kline tipi kullan\u0131lm\u0131\u015ft\u0131r. Lahitlerin Aphrodisias, Karia, Ephesos tipi yar\u0131 mamul ve Dokimeion s\u00fctunlu lahitleri gibi farkl\u0131 ekollerden oldu\u011fu d\u00fc\u015f\u00fcn\u00fclmektedir.<\/p>\n<p style=\"text-align: justify;\">VIII- <em>Manisa M\u00fczesi Heykelt\u0131ra\u015fl\u0131k Eserlerinin Genel De\u011ferlendirmesi <\/em>(181-187) ba\u015fl\u0131kl\u0131 son b\u00f6l\u00fcmde, Manisa M\u00fczesi eserlerinin yo\u011funlukla hangi kentlerden m\u00fczeye kazand\u0131r\u0131ld\u0131\u011f\u0131 ve bu\u00adnunla ilintili olarak tarihsel s\u00fcre\u00e7te bu yerle\u015fimlerin \u00f6nemi; eserlerin buluntu yerleri, tarih\u00adleme kriterleri ve kar\u015f\u0131la\u015ft\u0131rmalar; kullan\u0131lan malzemelerle ba\u011flant\u0131l\u0131 olarak mermer kaynaklar\u0131; Hel\u00adlenistik ve Roma d\u00f6nemleri yayg\u0131n ikonografi ve tipleri hakk\u0131nda bilgiler verilmekte, b\u00f6lge\u00addeki heykelt\u0131ra\u015fl\u0131k gelene\u011finin g\u00fc\u00e7l\u00fc bir altyap\u0131s\u0131 oldu\u011fu belirtilerek, Lydia B\u00f6lgesi\u2019nin k\u00fclt\u00fcrel ve sa\u00adnatsal geli\u015fmi\u015flik d\u00fczeyi hakk\u0131nda okuyucu bilgilendirilmektedir.<\/p>\n<p style=\"text-align: justify;\"><div class=\"one_half\"><p style=\"text-align: justify;\"><strong>Akdeniz \u00dcniversitesi<\/strong><br \/>\n<strong> Akdeniz Uygarl\u0131klar\u0131 Ara\u015ft\u0131rma Enstit\u00fcs\u00fc<\/strong><\/p>\n<p style=\"text-align: justify;\"><\/div>\n<p style=\"text-align: right;\"><div class=\"one_half last\"><p style=\"text-align: right;\"><strong>Bet\u00fcl G\u00dcREL\u00a0(M.A.) <\/strong><br \/>\n<strong>betulgurel@akdeniz.edu.tr<\/strong><\/p>\n<p style=\"text-align: right;\"><\/div><div class=\"clearboth\"><\/div>\n<p style=\"text-align: justify;\"><div class=\"divider_padding\"><\/div>\n<p style=\"text-align: justify;\"><a name=\"refs\"><\/a><div class=\"tabs_container\"><ul class=\"tabs\"><li><a href=\"#\">Citation<\/a><\/li><li><a href=\"#\">Link<\/a><\/li><\/ul><div class=\"panes\"><div class=\"pane\"><p style=\"text-align: justify;\">S. DURUG\u00d6N\u00dcL (Ed.), Manisa M\u00fczesi Heykelt\u0131ra\u015fl\u0131k Eserleri. \u0130stanbul 2015. Oksijen Bas\u0131m ve Matbaac\u0131l\u0131k, 189 sayfa (170 resim ile birlikte). ISBN: 9786054701667 Tan\u0131tan: Bet\u00fcl G\u00dcREL,\u00a0<em>Libri<\/em> I (2015) 7-9. DOI: 10.20480\/lbr.2018115454<\/p>\n<p style=\"text-align: justify;\"><\/div><div class=\"pane\"><p style=\"text-align: justify;\">Permanent Link: <a href=\"http:\/\/www.libridergi.org\/2015\/lbr-0001\">http:\/\/www.libridergi.org\/2015\/lbr-0003<\/a><\/p>\n<p style=\"text-align: justify;\"><\/div><\/div><\/div>\n","protected":false},"excerpt":{"rendered":"<p>S. DURUG\u00d6N\u00dcL (Ed.), Manisa M\u00fczesi Heykelt\u0131ra\u015fl\u0131k Eserleri. \u0130stanbul 2015. Oksijen Bas\u0131m ve Matbaac\u0131l\u0131k, 189 sayfa (170 resim ile birlikte). ISBN: 9786054701667 Durug\u00f6n\u00fcl\u2019\u00fcn edit\u00f6rl\u00fc\u011f\u00fcnde Mersin \u00dcniversi\u00adtesi Kilikia Arkeolojisini Ara\u015ft\u0131rma Merkezi (KAAM) Yay\u0131nlar\u0131 b\u00fcnyesinde okuyucuyla bulu\u015fan ikinci m\u00fcze kitab\u0131 \u201cManisa M\u00fczesi Heykel\u00adt\u0131ra\u015fl\u0131k Eserleri\u201d, tarih aral\u0131\u011f\u0131 Arkaik D\u00f6nem\u2019den Ge\u00e7 Roma D\u00f6nemi sonuna kadar uzanan; heykel, portre, kabartma ve &#8230;<\/p>\n","protected":false},"author":1,"featured_media":955,"comment_status":"closed","ping_status":"open","sticky":false,"template":"","format":"standard","meta":{"footnotes":""},"categories":[12,87],"tags":[],"class_list":["post-1464","post","type-post","status-publish","format-standard","has-post-thumbnail","hentry","category-2015-en","category-booknotice-15-en"],"_links":{"self":[{"href":"http:\/\/www.libridergi.org\/en\/wp-json\/wp\/v2\/posts\/1464","targetHints":{"allow":["GET"]}}],"collection":[{"href":"http:\/\/www.libridergi.org\/en\/wp-json\/wp\/v2\/posts"}],"about":[{"href":"http:\/\/www.libridergi.org\/en\/wp-json\/wp\/v2\/types\/post"}],"author":[{"embeddable":true,"href":"http:\/\/www.libridergi.org\/en\/wp-json\/wp\/v2\/users\/1"}],"replies":[{"embeddable":true,"href":"http:\/\/www.libridergi.org\/en\/wp-json\/wp\/v2\/comments?post=1464"}],"version-history":[{"count":0,"href":"http:\/\/www.libridergi.org\/en\/wp-json\/wp\/v2\/posts\/1464\/revisions"}],"wp:featuredmedia":[{"embeddable":true,"href":"http:\/\/www.libridergi.org\/en\/wp-json\/wp\/v2\/media\/955"}],"wp:attachment":[{"href":"http:\/\/www.libridergi.org\/en\/wp-json\/wp\/v2\/media?parent=1464"}],"wp:term":[{"taxonomy":"category","embeddable":true,"href":"http:\/\/www.libridergi.org\/en\/wp-json\/wp\/v2\/categories?post=1464"},{"taxonomy":"post_tag","embeddable":true,"href":"http:\/\/www.libridergi.org\/en\/wp-json\/wp\/v2\/tags?post=1464"}],"curies":[{"name":"wp","href":"https:\/\/api.w.org\/{rel}","templated":true}]}}